{"id":2718,"date":"2026-01-20T16:14:02","date_gmt":"2026-01-20T15:14:02","guid":{"rendered":"https:\/\/jean-philippe-bach.fr\/?p=2718"},"modified":"2026-01-20T16:14:42","modified_gmt":"2026-01-20T15:14:42","slug":"ce-que-dit-votre-mal-etre-et-ce-que-votre-corps-cherche-a-vous-dire","status":"publish","type":"post","link":"https:\/\/jean-philippe-bach.fr\/index.php\/2026\/01\/20\/ce-que-dit-votre-mal-etre-et-ce-que-votre-corps-cherche-a-vous-dire\/","title":{"rendered":"Ce que dit votre mal-\u00eatre\u2026 et ce que votre corps cherche \u00e0 vous dire"},"content":{"rendered":"<p>[et_pb_section fb_built=\u00a0\u00bb1&Prime; theme_builder_area=\u00a0\u00bbpost_content\u00a0\u00bb _builder_version=\u00a0\u00bb4.27.5&Prime; _module_preset=\u00a0\u00bbdefault\u00a0\u00bb][et_pb_row _builder_version=\u00a0\u00bb4.27.5&Prime; _module_preset=\u00a0\u00bbdefault\u00a0\u00bb theme_builder_area=\u00a0\u00bbpost_content\u00a0\u00bb][et_pb_column _builder_version=\u00a0\u00bb4.27.5&Prime; _module_preset=\u00a0\u00bbdefault\u00a0\u00bb type=\u00a0\u00bb4_4&Prime; theme_builder_area=\u00a0\u00bbpost_content\u00a0\u00bb][et_pb_text _builder_version=\u00a0\u00bb4.27.5&Prime; _module_preset=\u00a0\u00bbdefault\u00a0\u00bb theme_builder_area=\u00a0\u00bbpost_content\u00a0\u00bb hover_enabled=\u00a0\u00bb0&Prime; sticky_enabled=\u00a0\u00bb0&Prime;]<\/p>\n<p><span style=\"font-weight: 400;\">Se sentir bien dans sa vie commence toujours par une chose essentielle : <\/span><b>se sentir bien dans son corps<\/b><span style=\"font-weight: 400;\">.<\/span><span style=\"font-weight: 400;\"><\/span><\/p>\n<p>&nbsp;<\/p>\n<p><span style=\"font-weight: 400;\">On ne peut pas dissocier durablement le corps de l\u2019esprit, les \u00e9motions du physique, l\u2019\u00e9tat psychique des sensations corporelles. Pourtant, pendant longtemps, la m\u00e9decine et <a href=\"https:\/\/fr.wikipedia.org\/wiki\/Probl%C3%A8me_corps-esprit\" target=\"_blank\" rel=\"noopener\">notre soci\u00e9t\u00e9<\/a> ont tent\u00e9 de les s\u00e9parer. L\u2019exp\u00e9rience humaine, elle, nous montre exactement l\u2019inverse.<\/span><\/p>\n<p><span style=\"font-weight: 400;\">Un mal-\u00eatre \u00e9motionnel s\u2019exprime toujours \u00e0 travers le corps.<\/span><span style=\"font-weight: 400;\"><br \/><\/span><span style=\"font-weight: 400;\">Une d\u00e9pression s\u2019accompagne souvent d\u2019un corps lourd, lent, difficile \u00e0 mobiliser.<\/span><span style=\"font-weight: 400;\"><\/span><\/p>\n<p>&nbsp;<\/p>\n<p><span style=\"font-weight: 400;\">La col\u00e8re, elle, se manifeste par des tensions musculaires, une pression int\u00e9rieure, une mont\u00e9e d\u2019\u00e9nergie parfois incontr\u00f4lable.<\/span><\/p>\n<p><span style=\"font-weight: 400;\">L\u2019anxi\u00e9t\u00e9 peut provoquer des palpitations, des troubles digestifs, des insomnies, une respiration courte et oppress\u00e9e.<\/span><\/p>\n<p><span style=\"font-weight: 400;\">\ud83d\udc49 <\/span><b>Le corps parle toujours.<\/b><b><br \/><\/b><span style=\"font-weight: 400;\"> Et lorsque l\u2019on ne l\u2019\u00e9coute pas, il finit par crier.<\/span><\/p>\n<p>[\/et_pb_text][\/et_pb_column][\/et_pb_row][et_pb_row _builder_version=\u00a0\u00bb4.27.5&Prime; _module_preset=\u00a0\u00bbdefault\u00a0\u00bb theme_builder_area=\u00a0\u00bbpost_content\u00a0\u00bb][et_pb_column _builder_version=\u00a0\u00bb4.27.5&Prime; _module_preset=\u00a0\u00bbdefault\u00a0\u00bb type=\u00a0\u00bb4_4&Prime; theme_builder_area=\u00a0\u00bbpost_content\u00a0\u00bb][et_pb_image src=\u00a0\u00bbhttps:\/\/jean-philippe-bach.fr\/wp-content\/uploads\/2026\/01\/ecouter-son-corps-montauban.webp\u00a0\u00bb _builder_version=\u00a0\u00bb4.27.5&Prime; _module_preset=\u00a0\u00bbdefault\u00a0\u00bb theme_builder_area=\u00a0\u00bbpost_content\u00a0\u00bb title_text=\u00a0\u00bbecouter-son-corps-montauban\u00a0\u00bb hover_enabled=\u00a0\u00bb0&Prime; sticky_enabled=\u00a0\u00bb0&Prime;][\/et_pb_image][\/et_pb_column][\/et_pb_row][et_pb_row _builder_version=\u00a0\u00bb4.27.5&Prime; _module_preset=\u00a0\u00bbdefault\u00a0\u00bb theme_builder_area=\u00a0\u00bbpost_content\u00a0\u00bb][et_pb_column _builder_version=\u00a0\u00bb4.27.5&Prime; _module_preset=\u00a0\u00bbdefault\u00a0\u00bb type=\u00a0\u00bb4_4&Prime; theme_builder_area=\u00a0\u00bbpost_content\u00a0\u00bb][et_pb_text _builder_version=\u00a0\u00bb4.27.5&Prime; _module_preset=\u00a0\u00bbdefault\u00a0\u00bb theme_builder_area=\u00a0\u00bbpost_content\u00a0\u00bb hover_enabled=\u00a0\u00bb0&Prime; sticky_enabled=\u00a0\u00bb0&Prime;]<\/p>\n<h3><b>Le mal-\u00eatre comme signal, pas comme ennemi<\/b><\/h3>\n<p><span style=\"font-weight: 400;\">Si vous traversez une p\u00e9riode de fatigue, de stress, d\u2019angoisse ou de d\u00e9couragement, ce n\u2019est pas un hasard.<\/span><span style=\"font-weight: 400;\"><br \/><\/span><span style=\"font-weight: 400;\">Ce mal-\u00eatre n\u2019est pas l\u00e0 pour vous nuire, mais pour <\/span><b>vous informer<\/b><span style=\"font-weight: 400;\">. Il agit comme un voyant rouge sur le tableau de bord : quelque chose est d\u00e9s\u00e9quilibr\u00e9, quelque chose demande \u00e0 \u00eatre r\u00e9ajust\u00e9.<\/span><\/p>\n<p><span style=\"font-weight: 400;\">Tr\u00e8s souvent, nous avons appris \u00e0 avancer dans la vie \u00ab sur des rails \u00bb : faire ce qu\u2019il faut, r\u00e9pondre aux attentes, assurer, tenir bon, prendre soin des autres\u2026<\/span><span style=\"font-weight: 400;\"><br \/><\/span><span style=\"font-weight: 400;\">Mais dans cette course, <\/span><b>il reste parfois tr\u00e8s peu de place pour soi<\/b><span style=\"font-weight: 400;\">, pour ses ressentis, ses besoins profonds, ses \u00e9motions.<\/span><\/p>\n<p><span style=\"font-weight: 400;\">Le corps, lui, n\u2019oublie rien.<\/span><span style=\"font-weight: 400;\"><br \/><\/span><span style=\"font-weight: 400;\">Il enregistre, il accumule, et un jour il r\u00e9clame de l\u2019attention.<\/span><\/p>\n<h3><b>Corps et bien-\u00eatre : une question d\u2019\u00e9quilibre<\/b><\/h3>\n<p><span style=\"font-weight: 400;\">Se sentir bien dans son corps repose sur plusieurs piliers fondamentaux :<\/span><\/p>\n<ul>\n<li style=\"font-weight: 400;\" aria-level=\"1\"><b>L\u2019alimentation<\/b><span style=\"font-weight: 400;\">, qui peut soit nourrir, soit \u00e9puiser<\/span>\n<p>&nbsp;<\/p>\n<\/li>\n<li style=\"font-weight: 400;\" aria-level=\"1\"><b>L\u2019activit\u00e9 physique<\/b><span style=\"font-weight: 400;\">, qui peut r\u00e9g\u00e9n\u00e9rer\u2026 ou user lorsqu\u2019elle est excessive<\/span>\n<p>&nbsp;<\/p>\n<\/li>\n<li style=\"font-weight: 400;\" aria-level=\"1\"><b>Le repos<\/b><span style=\"font-weight: 400;\">, souvent n\u00e9glig\u00e9<\/span>\n<p>&nbsp;<\/p>\n<\/li>\n<li style=\"font-weight: 400;\" aria-level=\"1\"><b>Les \u00e9motions<\/b><span style=\"font-weight: 400;\">, trop souvent refoul\u00e9es<\/span>\n<p>&nbsp;<\/p>\n<\/li>\n<li style=\"font-weight: 400;\" aria-level=\"1\"><b>Le sens<\/b><span style=\"font-weight: 400;\">, ce qui donne une direction \u00e0 notre vie<\/span>\n<p>&nbsp;<\/p>\n<\/li>\n<\/ul>\n<p><span style=\"font-weight: 400;\">Ni l\u2019exc\u00e8s, ni le manque ne sont b\u00e9n\u00e9fiques.<\/span><span style=\"font-weight: 400;\"><br \/><\/span><span style=\"font-weight: 400;\">Trop peu de mouvement affaiblit le corps.<\/span><span style=\"font-weight: 400;\"><br \/><\/span><span style=\"font-weight: 400;\">Trop de sport, dans une logique de <a href=\"https:\/\/performancessportives.com\/\" target=\"_blank\" rel=\"noopener\">performance<\/a> ou de d\u00e9passement constant, peut cr\u00e9er inflammations, douleurs chroniques, \u00e9puisement.<\/span><\/p>\n<p><span style=\"font-weight: 400;\">La cl\u00e9 r\u00e9side dans <\/span><b>la juste mesure<\/b><span style=\"font-weight: 400;\">, celle qui respecte votre rythme, votre \u00e9nergie, votre histoire.<\/span><\/p>\n<h3><b>\u00c9couter son corps : une comp\u00e9tence oubli\u00e9e<\/b><\/h3>\n<p><span style=\"font-weight: 400;\">Nous utilisons notre corps en permanence, mais <\/span><b>nous l\u2019\u00e9coutons tr\u00e8s peu<\/b><span style=\"font-weight: 400;\">.<\/span><span style=\"font-weight: 400;\"><br \/><\/span><span style=\"font-weight: 400;\">Nous le sollicitons, nous le for\u00e7ons, nous l\u2019anesth\u00e9sions parfois (\u00e9crans, travail excessif, alcool, distractions\u2026), sans r\u00e9ellement nous poser la question :<\/span><\/p>\n<p><i><span style=\"font-weight: 400;\">Qu\u2019est-ce que je ressens, l\u00e0, maintenant ?<\/span><\/i><\/p>\n<p><span style=\"font-weight: 400;\">L\u2019\u00e9coute du corps n\u2019est pas inn\u00e9e, elle se r\u00e9apprend.<\/span><span style=\"font-weight: 400;\"><br \/><\/span><span style=\"font-weight: 400;\">Elle demande de ralentir, de respirer, d\u2019\u00eatre pr\u00e9sent \u00e0 soi.<\/span><\/p>\n<p><span style=\"font-weight: 400;\">C\u2019est souvent lorsque la douleur devient trop forte que l\u2019on commence \u00e0 \u00e9couter. Et paradoxalement, ce sont ces moments de crise qui deviennent des <\/span><b>portes d\u2019\u00e9volution<\/b><span style=\"font-weight: 400;\">, des opportunit\u00e9s de transformation profonde.<\/span><\/p>\n<h3><b>Le r\u00f4le de l\u2019hypnose dans le bien-\u00eatre corps-esprit<\/b><\/h3>\n<p><span style=\"font-weight: 400;\">En <\/span><b>hypnoth\u00e9rapie<\/b><span style=\"font-weight: 400;\">, et notamment en <\/span><b>hypnose \u00e0 Montauban<\/b><span style=\"font-weight: 400;\">, le travail consiste justement \u00e0 recr\u00e9er ce lien entre le corps, les \u00e9motions et l\u2019inconscient.<\/span><\/p>\n<p><span style=\"font-weight: 400;\">L\u2019hypnose permet de :<\/span><\/p>\n<ul>\n<li style=\"font-weight: 400;\" aria-level=\"1\"><span style=\"font-weight: 400;\">Apaiser le syst\u00e8me nerveux<\/span>\n<p>&nbsp;<\/p>\n<\/li>\n<li style=\"font-weight: 400;\" aria-level=\"1\"><span style=\"font-weight: 400;\">Rel\u00e2cher les tensions corporelles<\/span>\n<p>&nbsp;<\/p>\n<\/li>\n<li style=\"font-weight: 400;\" aria-level=\"1\"><span style=\"font-weight: 400;\">Travailler sur le stress, l\u2019anxi\u00e9t\u00e9, les insomnies<\/span>\n<p>&nbsp;<\/p>\n<\/li>\n<li style=\"font-weight: 400;\" aria-level=\"1\"><span style=\"font-weight: 400;\">Modifier certaines croyances limitantes<\/span>\n<p>&nbsp;<\/p>\n<\/li>\n<li style=\"font-weight: 400;\" aria-level=\"1\"><span style=\"font-weight: 400;\">Restaurer une relation plus saine \u00e0 soi et \u00e0 son corps<\/span>\n<p>&nbsp;<\/p>\n<\/li>\n<\/ul>\n<p><span style=\"font-weight: 400;\">En tant qu\u2019<\/span><b>hypnoth\u00e9rapeute \u00e0<a href=\"https:\/\/jean-philippe-bach.fr\/index.php\/2024\/12\/02\/trouver-le-bon-hypnotiseur-a-montauban-un-guide\/\"> Montauban<\/a><\/b><span style=\"font-weight: 400;\">, j\u2019accompagne r\u00e9guli\u00e8rement des personnes qui ressentent ce d\u00e9calage int\u00e9rieur, ce mal-\u00eatre diffus ou persistant, sans toujours pouvoir le nommer.<\/span><span style=\"font-weight: 400;\"><br \/><\/span><span style=\"font-weight: 400;\">\u00a0<\/span><\/p>\n<p><span style=\"font-weight: 400;\">L\u2019hypnose offre un espace s\u00e9curis\u00e9 pour \u00e9couter ce qui se joue en profondeur, l\u00e0 o\u00f9 les mots ne suffisent parfois plus.<\/span><\/p>\n<h3><b>Les petites envies sont souvent des messages<\/b><\/h3>\n<p><span style=\"font-weight: 400;\">Le bien-\u00eatre passe aussi par l\u2019\u00e9coute de ces <\/span><b>petites envies discr\u00e8tes<\/b><span style=\"font-weight: 400;\"> :<\/span><span style=\"font-weight: 400;\"><br \/><\/span><span style=\"font-weight: 400;\"> \u00ab J\u2019aimerais essayer \u00e7a\u2026 \u00bb,<\/span><span style=\"font-weight: 400;\"><br \/><\/span><span style=\"font-weight: 400;\"> \u00ab \u00c7a m\u2019attire, mais je n\u2019ose pas\u2026 \u00bb<\/span><\/p>\n<p><span style=\"font-weight: 400;\">Ces \u00e9lans sont loin d\u2019\u00eatre anodins.<\/span><span style=\"font-weight: 400;\"><br \/><\/span><span style=\"font-weight: 400;\">Ils sont souvent des graines. Certaines deviennent des passions, d\u2019autres des changements de vie, parfois m\u00eame des reconversions professionnelles.<\/span><\/p>\n<p><span style=\"font-weight: 400;\">Ce qui nourrit votre corps et votre esprit vous rapproche naturellement de l\u2019\u00e9quilibre.<\/span><\/p>\n<h3><b>Prendre soin de soi, concr\u00e8tement<\/b><\/h3>\n<p><span style=\"font-weight: 400;\">Prendre soin de son corps, ce n\u2019est pas forc\u00e9ment tout bouleverser.<\/span><span style=\"font-weight: 400;\"><br \/><\/span><span style=\"font-weight: 400;\">C\u2019est souvent une suite de petits choix plus conscients :<\/span><\/p>\n<ul>\n<li style=\"font-weight: 400;\" aria-level=\"1\"><span style=\"font-weight: 400;\">Respirer davantage<\/span>\n<p>&nbsp;<\/p>\n<\/li>\n<li style=\"font-weight: 400;\" aria-level=\"1\"><span style=\"font-weight: 400;\">Mieux dormir<\/span>\n<p>&nbsp;<\/p>\n<\/li>\n<li style=\"font-weight: 400;\" aria-level=\"1\"><span style=\"font-weight: 400;\">Bouger avec plaisir<\/span>\n<p>&nbsp;<\/p>\n<\/li>\n<li style=\"font-weight: 400;\" aria-level=\"1\"><span style=\"font-weight: 400;\">Se respecter<\/span>\n<p>&nbsp;<\/p>\n<\/li>\n<li style=\"font-weight: 400;\" aria-level=\"1\"><span style=\"font-weight: 400;\">Se faire accompagner quand c\u2019est n\u00e9cessaire<\/span>\n<p>&nbsp;<\/p>\n<\/li>\n<\/ul>\n<p><span style=\"font-weight: 400;\">C\u2019est accepter que le bien-\u00eatre soit un chemin, pas une performance.<\/span><\/p>\n<h3><b>En conclusion<\/b><\/h3>\n<p><span style=\"font-weight: 400;\">Si aujourd\u2019hui vous ressentez un mal-\u00eatre, une fatigue persistante ou une sensation de d\u00e9connexion int\u00e9rieure, sachez ceci :<\/span><span style=\"font-weight: 400;\"><br \/><\/span><b>les r\u00e9ponses sont d\u00e9j\u00e0 l\u00e0<\/b><span style=\"font-weight: 400;\">, dans votre corps, dans vos sensations, dans vos \u00e9motions.<\/span><\/p>\n<p><span style=\"font-weight: 400;\">Il suffit parfois d\u2019apprendre \u00e0 \u00e9couter autrement.<\/span><\/p>\n<p><span style=\"font-weight: 400;\">Si vous \u00eates situ\u00e9 pr\u00e8s de Montauban et que vous souhaitez \u00eatre accompagn\u00e9 dans cette d\u00e9marche, l\u2019<\/span><b>hypnose<\/b><span style=\"font-weight: 400;\"> et l\u2019<\/span><b>hypnoth\u00e9rapie<\/b><span style=\"font-weight: 400;\"> peuvent \u00eatre de pr\u00e9cieux outils pour retrouver \u00e9quilibre, clart\u00e9 et apaisement.<\/span><\/p>\n<p><span style=\"font-weight: 400;\">Je vous invite \u00e9galement \u00e0 explorer les ressources disponibles sur le site, notamment les <a href=\"https:\/\/jean-philippe-bach.fr\/index.php\/autohypnose-sur-mesure\/\">audios d\u2019auto-hypnose<\/a>, pour commencer ce travail en douceur, \u00e0 votre rythme.<\/span><\/p>\n<p><span style=\"font-weight: 400;\">Je vous souhaite une belle \u00e9coute de votre corps,<\/span><span style=\"font-weight: 400;\"><br \/><\/span><span style=\"font-weight: 400;\">et un chemin plus align\u00e9 vers votre bien-\u00eatre.<\/span><\/p>\n<p>[\/et_pb_text][\/et_pb_column][\/et_pb_row][\/et_pb_section]<\/p>\n","protected":false},"excerpt":{"rendered":"<p>Se sentir bien dans sa vie commence toujours par une chose essentielle : se sentir bien dans son corps. &nbsp; On ne peut pas dissocier durablement le corps de l\u2019esprit, les \u00e9motions du physique, l\u2019\u00e9tat psychique des sensations corporelles. Pourtant, pendant longtemps, la m\u00e9decine et notre soci\u00e9t\u00e9 ont tent\u00e9 de les s\u00e9parer. L\u2019exp\u00e9rience humaine, elle, [&hellip;]<\/p>\n","protected":false},"author":1,"featured_media":2719,"comment_status":"open","ping_status":"open","sticky":false,"template":"","format":"standard","meta":{"_et_pb_use_builder":"on","_et_pb_old_content":"","_et_gb_content_width":"","footnotes":""},"categories":[11],"tags":[],"class_list":["post-2718","post","type-post","status-publish","format-standard","has-post-thumbnail","hentry","category-hypnose-montauban"],"_links":{"self":[{"href":"https:\/\/jean-philippe-bach.fr\/index.php\/wp-json\/wp\/v2\/posts\/2718","targetHints":{"allow":["GET"]}}],"collection":[{"href":"https:\/\/jean-philippe-bach.fr\/index.php\/wp-json\/wp\/v2\/posts"}],"about":[{"href":"https:\/\/jean-philippe-bach.fr\/index.php\/wp-json\/wp\/v2\/types\/post"}],"author":[{"embeddable":true,"href":"https:\/\/jean-philippe-bach.fr\/index.php\/wp-json\/wp\/v2\/users\/1"}],"replies":[{"embeddable":true,"href":"https:\/\/jean-philippe-bach.fr\/index.php\/wp-json\/wp\/v2\/comments?post=2718"}],"version-history":[{"count":2,"href":"https:\/\/jean-philippe-bach.fr\/index.php\/wp-json\/wp\/v2\/posts\/2718\/revisions"}],"predecessor-version":[{"id":2722,"href":"https:\/\/jean-philippe-bach.fr\/index.php\/wp-json\/wp\/v2\/posts\/2718\/revisions\/2722"}],"wp:featuredmedia":[{"embeddable":true,"href":"https:\/\/jean-philippe-bach.fr\/index.php\/wp-json\/wp\/v2\/media\/2719"}],"wp:attachment":[{"href":"https:\/\/jean-philippe-bach.fr\/index.php\/wp-json\/wp\/v2\/media?parent=2718"}],"wp:term":[{"taxonomy":"category","embeddable":true,"href":"https:\/\/jean-philippe-bach.fr\/index.php\/wp-json\/wp\/v2\/categories?post=2718"},{"taxonomy":"post_tag","embeddable":true,"href":"https:\/\/jean-philippe-bach.fr\/index.php\/wp-json\/wp\/v2\/tags?post=2718"}],"curies":[{"name":"wp","href":"https:\/\/api.w.org\/{rel}","templated":true}]}}