{"id":2639,"date":"2025-10-20T18:42:28","date_gmt":"2025-10-20T16:42:28","guid":{"rendered":"https:\/\/jean-philippe-bach.fr\/?p=2639"},"modified":"2025-10-20T18:44:11","modified_gmt":"2025-10-20T16:44:11","slug":"6-facons-darreter-de-trop-penser","status":"publish","type":"post","link":"https:\/\/jean-philippe-bach.fr\/index.php\/2025\/10\/20\/6-facons-darreter-de-trop-penser\/","title":{"rendered":"6 fa\u00e7ons d\u2019Arr\u00eater de Trop Penser"},"content":{"rendered":"<p>[et_pb_section fb_built=\u00a0\u00bb1&Prime; theme_builder_area=\u00a0\u00bbpost_content\u00a0\u00bb _builder_version=\u00a0\u00bb4.27.4&Prime; _module_preset=\u00a0\u00bbdefault\u00a0\u00bb][et_pb_row _builder_version=\u00a0\u00bb4.27.4&Prime; _module_preset=\u00a0\u00bbdefault\u00a0\u00bb theme_builder_area=\u00a0\u00bbpost_content\u00a0\u00bb][et_pb_column _builder_version=\u00a0\u00bb4.27.4&Prime; _module_preset=\u00a0\u00bbdefault\u00a0\u00bb type=\u00a0\u00bb4_4&Prime; theme_builder_area=\u00a0\u00bbpost_content\u00a0\u00bb][et_pb_text _builder_version=\u00a0\u00bb4.27.4&Prime; _module_preset=\u00a0\u00bbdefault\u00a0\u00bb theme_builder_area=\u00a0\u00bbpost_content\u00a0\u00bb hover_enabled=\u00a0\u00bb0&Prime; sticky_enabled=\u00a0\u00bb0&Prime;]<\/p>\n<p><span style=\"font-weight: 400;\">Vous souffrez d\u2019une suractivit\u00e9 de votre t\u00eate ? D\u2019un mental qui ne s\u2019arr\u00eate jamais ? M\u00eame quand vient le temps de dormir, vous sentez que cela continue ? \u00c0 votre insu, votre pens\u00e9e tourne en rond : les probl\u00e8mes pass\u00e9s, les inqui\u00e9tudes futures. Vous restez \u00e9veill\u00e9 alors m\u00eame que vous \u00eates fatigu\u00e9\u2026 <img loading=\"lazy\" decoding=\"async\" height=\"16\" width=\"16\" class=\"xz74otr x15mokao x1ga7v0g x16uus16 xbiv7yw\" alt=\"\ud83e\udd2f\" referrerpolicy=\"origin-when-cross-origin\" src=\"https:\/\/static.xx.fbcdn.net\/images\/emoji.php\/v9\/t5\/1\/16\/1f92f.png\" \/><\/span><\/p>\n<p><span style=\"font-weight: 400;\"><\/span><\/p>\n<h2><span style=\"font-weight: 400;\">Comment rem\u00e9dier \u00e0 la suractivit\u00e9 de votre cerveau ?<\/span><\/h2>\n<p><span style=\"font-weight: 400;\">Le cerveau est un organe magnifique, qui nous permet des prouesses intellectuelles, d\u2019imaginer et de jongler avec un millier d&rsquo;id\u00e9es. Mais ce m\u00eame cerveau peut se transformer en un ennemi, lorsqu\u2019il en vient \u00e0 \u00eatre en roue libre !<\/span><\/p>\n<p><span style=\"font-weight: 400;\">Voici donc 6 conseils, qui vous aideront assur\u00e9ment \u00e0 r\u00e9\u00e9quilibrer votre t\u00eate !<\/span><\/p>\n<p>R\u00e9sum\u00e9 :<span style=\"font-weight: 400;\"><\/span><span style=\"font-weight: 400;\"><\/span><span style=\"font-weight: 400;\"><\/span><\/p>\n<ol>\n<li>Faire du Sport<\/li>\n<li>Utiliser la respiration consciente<\/li>\n<li>Parler avec des proches<\/li>\n<li>Tenir un journal \/ \u00c9crire<\/li>\n<li>Manger plus sainement<\/li>\n<li>R\u00e9guler votre consommation d&rsquo;\u00e9crans<\/li>\n<\/ol>\n<p>[\/et_pb_text][\/et_pb_column][\/et_pb_row][et_pb_row _builder_version=\u00a0\u00bb4.27.4&Prime; _module_preset=\u00a0\u00bbdefault\u00a0\u00bb theme_builder_area=\u00a0\u00bbpost_content\u00a0\u00bb][et_pb_column _builder_version=\u00a0\u00bb4.27.4&Prime; _module_preset=\u00a0\u00bbdefault\u00a0\u00bb type=\u00a0\u00bb4_4&Prime; theme_builder_area=\u00a0\u00bbpost_content\u00a0\u00bb][et_pb_image src=\u00a0\u00bbhttps:\/\/jean-philippe-bach.fr\/wp-content\/uploads\/2025\/10\/conseils-pour-arreter-de-trop-penser.jpg\u00a0\u00bb _builder_version=\u00a0\u00bb4.27.4&Prime; _module_preset=\u00a0\u00bbdefault\u00a0\u00bb theme_builder_area=\u00a0\u00bbpost_content\u00a0\u00bb title_text=\u00a0\u00bbconseils-pour-arr\u00eater-de-trop-penser\u00a0\u00bb align=\u00a0\u00bbcenter\u00a0\u00bb hover_enabled=\u00a0\u00bb0&Prime; sticky_enabled=\u00a0\u00bb0&Prime;][\/et_pb_image][\/et_pb_column][\/et_pb_row][et_pb_row _builder_version=\u00a0\u00bb4.27.4&Prime; _module_preset=\u00a0\u00bbdefault\u00a0\u00bb theme_builder_area=\u00a0\u00bbpost_content\u00a0\u00bb][et_pb_column _builder_version=\u00a0\u00bb4.27.4&Prime; _module_preset=\u00a0\u00bbdefault\u00a0\u00bb type=\u00a0\u00bb4_4&Prime; theme_builder_area=\u00a0\u00bbpost_content\u00a0\u00bb][et_pb_text _builder_version=\u00a0\u00bb4.27.4&Prime; _module_preset=\u00a0\u00bbdefault\u00a0\u00bb theme_builder_area=\u00a0\u00bbpost_content\u00a0\u00bb hover_enabled=\u00a0\u00bb0&Prime; sticky_enabled=\u00a0\u00bb0&Prime;]<\/p>\n<h2><span style=\"font-weight: 400;\"><span class=\"html-span xexx8yu xyri2b x18d9i69 x1c1uobl x1hl2dhg x16tdsg8 x1vvkbs x3nfvp2 x1j61x8r x1fcty0u xdj266r xat24cr xm2jcoa x1mpyi22 xxymvpz xlup9mm x1kky2od\"><img loading=\"lazy\" decoding=\"async\" height=\"16\" width=\"16\" class=\"xz74otr x15mokao x1ga7v0g x16uus16 xbiv7yw\" alt=\"\ud83d\udcaa\" referrerpolicy=\"origin-when-cross-origin\" src=\"https:\/\/static.xx.fbcdn.net\/images\/emoji.php\/v9\/t6c\/1\/16\/1f4aa.png\" \/> <\/span><span><\/span>Le sport pour ralentir l&rsquo;activit\u00e9 c\u00e9r\u00e9brale<\/span><\/h2>\n<p><span style=\"font-weight: 400;\">Dans notre monde moderne, le penchant est sur le num\u00e9rique, l\u2019information, la rapidit\u00e9 et \u2026 l\u2019absence d\u2019activit\u00e9 physique. La modernit\u00e9 nous offre le luxe de ne plus bouger, un luxe qui co\u00fbte cher.\u00a0<\/span><\/p>\n<p><span style=\"font-weight: 400;\">Sans activit\u00e9 sportive, vous aurez tendance \u00e0 sursollicit\u00e9 votre mental. Vous manquerez des hormones comme la dopamine qui viennent soulager et apaiser votre esprit. Bouger votre corps est une fa\u00e7on efficace de r\u00e9harmoniser votre corps et donc votre cerveau !<\/span><\/p>\n<p>&nbsp;<\/p>\n<h2><span style=\"font-weight: 400;\"><span class=\"html-span xexx8yu xyri2b x18d9i69 x1c1uobl x1hl2dhg x16tdsg8 x1vvkbs x3nfvp2 x1j61x8r x1fcty0u xdj266r xat24cr xm2jcoa x1mpyi22 xxymvpz xlup9mm x1kky2od\"><img loading=\"lazy\" decoding=\"async\" height=\"16\" width=\"16\" class=\"xz74otr x15mokao x1ga7v0g x16uus16 xbiv7yw\" alt=\"\ud83e\udec1\" referrerpolicy=\"origin-when-cross-origin\" src=\"https:\/\/static.xx.fbcdn.net\/images\/emoji.php\/v9\/te7\/1\/16\/1fac1.png\" \/><\/span><span> <\/span>La respiration pour apaiser le mental<\/span><\/h2>\n<p><span style=\"font-weight: 400;\">Le pouvoir de votre respiration est \u00e9norme. Bien trop sous-estim\u00e9. Pens\u00e9es et \u00e9motions sont une et m\u00eame chose. La pens\u00e9e g\u00e9n\u00e8re l\u2019\u00e9motion, l&rsquo;\u00e9motion nourrit la pens\u00e9e. Celui qui pense trop est envahi d&rsquo;\u00e9motions qui le brouille et le perturbe.\u00a0<\/span><\/p>\n<p><span style=\"font-weight: 400;\">La respiration est l\u2019outil num\u00e9ro 1 de la gestion \u00e9motionnelle. Elle vous apaise, vous r\u00e9gule. Elle vous ancre dans le pr\u00e9sent, et vous emp\u00eache de paniquer. Respirer, c\u2019est s\u2019octroyer une pause. Vous allez au contact du corps, et vous r\u00e9gulez ce que vous ressentez.\u00a0<\/span><\/p>\n<p><span style=\"font-weight: 400;\">C\u2019est la mani\u00e8re la plus rapide de ralentir votre pens\u00e9e, tout en g\u00e9rant votre \u00e9motionnel. Pas \u00e9tonnant que la m\u00e9ditation ou la coh\u00e9rence cardiaque connaissent un succ\u00e8s grandissant !\u00a0<\/span><\/p>\n<p>&nbsp;<\/p>\n<h2><span style=\"font-weight: 400;\"><span class=\"html-span xexx8yu xyri2b x18d9i69 x1c1uobl x1hl2dhg x16tdsg8 x1vvkbs x3nfvp2 x1j61x8r x1fcty0u xdj266r xat24cr xm2jcoa x1mpyi22 xxymvpz xlup9mm x1kky2od\"><img loading=\"lazy\" decoding=\"async\" height=\"16\" width=\"16\" class=\"xz74otr x15mokao x1ga7v0g x16uus16 xbiv7yw\" alt=\"\ud83d\udce2\" referrerpolicy=\"origin-when-cross-origin\" src=\"https:\/\/static.xx.fbcdn.net\/images\/emoji.php\/v9\/t39\/1\/16\/1f4e2.png\" \/> <\/span><span><\/span>La communication pour vous d\u00e9charger du poids de vos pens\u00e9es<\/span><\/h2>\n<p><span style=\"font-weight: 400;\">Parler \u00e0 vos proches (amis, famille, conjoint), est un moyen rapide de vous all\u00e9ger du poids que vous portez. Souvent les pens\u00e9es qui tournent en rond dans votre t\u00eate sont de l\u2019ordre des pr\u00e9occupations, autrement dit, de choses qui vous font peur.\u00a0<\/span><\/p>\n<p><span style=\"font-weight: 400;\">Il est donc important d\u2019aller trouver de la r\u00e9assurance aupr\u00e8s des personnes qui vous aiment et vous soutiennent. Le simple fait de formuler une inqui\u00e9tude est lib\u00e9rateur.\u00a0<\/span><\/p>\n<p><span style=\"font-weight: 400;\">Tout garder pour soi n\u2019a jamais \u00e9t\u00e9 la solution !<\/span><\/p>\n<p>&nbsp;<\/p>\n<h2><span style=\"font-weight: 400;\"><span class=\"html-span xexx8yu xyri2b x18d9i69 x1c1uobl x1hl2dhg x16tdsg8 x1vvkbs x3nfvp2 x1j61x8r x1fcty0u xdj266r xat24cr xm2jcoa x1mpyi22 xxymvpz xlup9mm x1kky2od\"><img loading=\"lazy\" decoding=\"async\" height=\"16\" width=\"16\" class=\"xz74otr x15mokao x1ga7v0g x16uus16 xbiv7yw\" alt=\"\ud83d\udcdc\" referrerpolicy=\"origin-when-cross-origin\" src=\"https:\/\/static.xx.fbcdn.net\/images\/emoji.php\/v9\/t4b\/1\/16\/1f4dc.png\" \/> <\/span><span><\/span>L\u2019\u00e9criture <\/span><span style=\"font-weight: 400;\">pour lib\u00e9rer votre t\u00eate<\/span><\/h2>\n<p><span style=\"font-weight: 400;\">Parfois, nous r\u00e9p\u00e9tons les choses dans notre esprit de peur de les oublier. Comme une liste de courses que je me r\u00e9p\u00e8te en boucle. Dans ce cas l\u00e0, il peut-\u00eatre tr\u00e8s utile de coucher vos id\u00e9es par \u00e9crit. Cela vous permettra de les mettre au clair et de les approfondir si n\u00e9cessaire !<\/span><\/p>\n<p><span style=\"font-weight: 400;\"><\/span><\/p>\n<h2><span style=\"font-weight: 400;\"><span class=\"html-span xexx8yu xyri2b x18d9i69 x1c1uobl x1hl2dhg x16tdsg8 x1vvkbs x3nfvp2 x1j61x8r x1fcty0u xdj266r xat24cr xm2jcoa x1mpyi22 xxymvpz xlup9mm x1kky2od\"><img loading=\"lazy\" decoding=\"async\" height=\"16\" width=\"16\" class=\"xz74otr x15mokao x1ga7v0g x16uus16 xbiv7yw\" alt=\"\ud83c\udf3f\" referrerpolicy=\"origin-when-cross-origin\" src=\"https:\/\/static.xx.fbcdn.net\/images\/emoji.php\/v9\/t1e\/1\/16\/1f33f.png\" \/> <\/span>La nourriture : un facteur d&rsquo;influence sur votre mental \u00e0 ne pas n\u00e9gliger !<\/span><\/h2>\n<p><span style=\"font-weight: 400;\">Vous \u00eates ce que vous dites, faites, mangez, consommez.\u00a0<\/span><\/p>\n<p><span style=\"font-weight: 400;\">Votre mental est le r\u00e9sultat de votre hygi\u00e8ne globale de vie. Cela peut vous para\u00eetre \u00e9trange, mais certaines nourritures stimulent votre mental (sucre), tandis que d&rsquo;autres l&rsquo;apaisent (crudit\u00e9). Combien d\u2019entre nous sont accros \u00e0 des stimulants comme le caf\u00e9, et s&rsquo;\u00e9tonnent de leur difficult\u00e9 \u00e0 dormir paisiblement par la suite ?\u00a0<\/span><\/p>\n<p><span style=\"font-weight: 400;\">Tout ce que vous ing\u00e9rer a un impact sur vous. Faire quelques petits ajustements alimentaires, en faisant particuli\u00e8rement attention \u00e0 ces stimulants comme le sucre, le caf\u00e9, la cigarette ou l&rsquo;alcool, vous permettra de rapidement voir des am\u00e9liorations dans votre fa\u00e7on de penser !\u00a0<\/span><\/p>\n<p>&nbsp;<\/p>\n<h2><span style=\"font-weight: 400;\"><span class=\"html-span xexx8yu xyri2b x18d9i69 x1c1uobl x1hl2dhg x16tdsg8 x1vvkbs x3nfvp2 x1j61x8r x1fcty0u xdj266r xat24cr xm2jcoa x1mpyi22 xxymvpz xlup9mm x1kky2od\"><img loading=\"lazy\" decoding=\"async\" height=\"16\" width=\"16\" class=\"xz74otr x15mokao x1ga7v0g x16uus16 xbiv7yw\" alt=\"\ud83d\udcf1\" referrerpolicy=\"origin-when-cross-origin\" src=\"https:\/\/static.xx.fbcdn.net\/images\/emoji.php\/v9\/t57\/1\/16\/1f4f1.png\" \/> <\/span><span><\/span>Les \u00e9crans : une nourriture s\u00e9duisante \u00e0 consommer avec pr\u00e9caution !<\/span><\/h2>\n<p><span style=\"font-weight: 400;\">Les \u00e9crans sont un facteur important parce qu\u2019ils sont devenus tr\u00e8s pr\u00e9sents. S\u2019il est presque impossible de les \u00e9viter aujourd\u2019hui, vous pouvez cependant r\u00e9guler votre consommation d\u2019image.\u00a0<\/span><\/p>\n<p><span style=\"font-weight: 400;\">Par exemple, le scrolling est ce qui va le plus stimuler votre t\u00eate. Ce format rapide met votre cerveau dans un rythme soutenu de traitement d\u2019information, qui vous laisse tel un zombie au bout de quelques dizaines de minutes que vous n\u2019avez, bien s\u00fbr, pas vu passer !\u00a0<\/span><\/p>\n<p><span style=\"font-weight: 400;\">\u00c9viter les \u00e9crans particuli\u00e8rement autour des heures du coucher (une heure avant le sommeil et une heure apr\u00e8s le r\u00e9veil). Le cerveau est une machine \u00e0 inertie, ce qui veut dire qu\u2019il a besoin de temps pour ralentir jusqu\u2019\u00e0 l\u2019endormissement, et pour se r\u00e9veiller \u00e9galement !<\/span><\/p>\n<p><span style=\"font-weight: 400;\"><\/span><\/p>\n<p>Il est possible que tout seul, vous n\u2019arriviez pas \u00e0 impl\u00e9menter de tel changement dans votre vie. C\u2019est ok, nous avons tous des d\u00e9fis qui semblent trop durs \u00e0 relever. Mais peut-\u00eatre que dans ce cas, il serait judicieux de vous faire aider ?<\/p>\n<div class=\"x14z9mp xat24cr x1lziwak x1vvkbs xtlvy1s x126k92a\">\n<div dir=\"auto\"><span class=\"html-span xexx8yu xyri2b x18d9i69 x1c1uobl x1hl2dhg x16tdsg8 x1vvkbs x3nfvp2 x1j61x8r x1fcty0u xdj266r xat24cr xm2jcoa x1mpyi22 xxymvpz xlup9mm x1kky2od\"><img loading=\"lazy\" decoding=\"async\" height=\"16\" width=\"16\" class=\"xz74otr x15mokao x1ga7v0g x16uus16 xbiv7yw\" alt=\"\ud83d\udc49\" referrerpolicy=\"origin-when-cross-origin\" src=\"https:\/\/static.xx.fbcdn.net\/images\/emoji.php\/v9\/t51\/1\/16\/1f449.png\" \/><\/span> <span class=\"html-span xdj266r x14z9mp xat24cr x1lziwak xexx8yu xyri2b x18d9i69 x1c1uobl x1hl2dhg x16tdsg8 x1vvkbs\"><a attributionsrc=\"\/privacy_sandbox\/comet\/register\/source\/?xt=AZXsewd8ODG3mpvCvtyinaHdEqhB6L-ltiIpqFiXXunzHBZCNP07uDe-anb_cJVX8RQ3njjR3foWg_3blpYW0dA9on3XtCNZW9Ou6Jslr42pEvf5dqm4vQkIShysU63RQXybW_x_4Yz7HNzeq1-YSLDwlY1ehW9DdxpNfdsXTgdQXlyKOaS-JmBGWfnk0kPTQj86aZwDG8CWoNtncDwSxgSCEjpIxqcAjJlMp8i3ObSNX2hCcfUWK_xoyKK6FMX0Kk0OoP3AHjdewed3YTC8JJcVjN3hefGCZ4Q_-GyoQDzM7jtCYuUdN0pPqFtUzBO6OuJ16juMwne_efgEGmZ3ML94wT2ZKZsUeRVBwShTLeO_C2-AeeEtzq-9irb_8Mj1qOaE87s3JZ-khG_a0hjw6tRVgGeIH0XsWoy3hmLBWAARet1b7gF769XmCjEGAB0XdyJ5W6F1gRYd00gxxNxm3pKzGpjugl5KW56AGDSpWTB-wEp72OKSHAgB9HNqO52eoX1H2f81qYCKX0sLGSQj2jewf8ZoothqvnT4KFgppIElHmZWIfh3RKqRtBO-NiHrDu8l0PSGcfeTQUOtiTmxD51J0NlEouSHOh84VhkrjLIvBAOuHDcu8Hbp8S9tf9cidh3FZ2Qyo38WLf7QdJ8b9KhoTeEV7Wo8wnRhFPa9jFhrM93AcJrvwSpOg1YJo_SCFb78YXAVDr1xpkSsLw-2BJGsklztSe3hCCHDhpxEm1WAAuWmYqXC9KIe1p5mOdQQY-BhvTQrcO-c2-fSEGrKsbjO3BsQEVGA5-oMmTq3xQS12xvxCKw3EujmJpjzY0qd6_uhSsac-O-HQEItkI-mab70nxGMOIYqUrdBznQYPkChxiHgr-UW9LQHytKf8eZVuBP24i9jzXbrXzKwGzSLAi231TTmFSiyQE7EcNGx80xnRO-FsujEPA-sUY6yNf0WnTsHwhKpALaDJNBO4KkaC2TsRYw2abg3foArUyF_732v02iygjs9_ZuTB7vfdCP953KsE4ufZJiQpvVPTuRqTxfmFw-6cojPZfNjiRBdlFkdcHwBgtiK__J5GoK4KNUdVP9XNJRwQyczMZ8TfVMU8kOTIQznD4O8qu04bPiCilnDj-LRh45R5ReSrsLPLMeqAXLSV3y--Sez3c4yRafCPLU1jIzOQkrtNaeFfLErEWFsO5NAvDaEZ0Cr7-DsA4jynDDSENkSbNNqFguh8V0sEi62pWza7yYkgu4oESn_58GVJRcAal_9s63o6iskg-TK61DzF4c9-UW6h4PynNmDagj4\" class=\"x1i10hfl xjbqb8w x1ejq31n x18oe1m7 x1sy0etr xstzfhl x972fbf x10w94by x1qhh985 x14e42zd x9f619 x1ypdohk xt0psk2 x3ct3a4 xdj266r x14z9mp xat24cr x1lziwak xexx8yu xyri2b x18d9i69 x1c1uobl x16tdsg8 x1hl2dhg xggy1nq x1a2a7pz xkrqix3 x1sur9pj x1fey0fg x1s688f\" href=\"https:\/\/l.facebook.com\/l.php?u=https%3A%2F%2Fjean-philippe-bach.fr%2F%3Ffbclid%3DIwZXh0bgNhZW0CMTAAYnJpZBExWGtZeVpuOGRsMFhxWEdrbAEeStq7S5-M4RFmElA50mM_3-BbBz56XEz359mpHimpXnVCkvoBqas3gTsOB10_aem_vxZmEnDZFU_RWvYQVLlTww&amp;h=AT1o3r0rcN0-QERp07l5jXpO6piCU_ULHHHKIUwDAopUc8hHL6NftVgy0kTh0sun5IzRkLgXu79pv74WAPa3n8yy2M7LRO34997132XymORE--ff-tJGXhpXMQ_oc1UiIItP3EU5oPYwJw&amp;__tn__=-UK-R&amp;c[0]=AT0xIx9yZO6V2QADKVeGvaXpkv6fGoJ4wjyyrrTYZeO7VMEg-NfHC2IUiuwItApHEtnquoVJcMG9YhLexBHpykglZ9i15WpIDOUAiHaNg1xIv3oZTbE1LpRb04YAo693uIwX1hABu134UhS-xduQKrISfrY033Mt4xrC5_BOQsN2lFe2Zrf02cwE1e6AMAmMykAf_ucGIVmu3YerVNpZnw\" rel=\"nofollow noopener noreferrer\" role=\"link\" target=\"_blank\" tabindex=\"0\">https:\/\/jean-philippe-bach.fr\/<\/a><\/span><\/div>\n<\/div>\n<p>[\/et_pb_text][\/et_pb_column][\/et_pb_row][\/et_pb_section]<\/p>\n","protected":false},"excerpt":{"rendered":"<p>Vous souffrez d\u2019une suractivit\u00e9 de votre t\u00eate ? D\u2019un mental qui ne s\u2019arr\u00eate jamais ? M\u00eame quand vient le temps de dormir, vous sentez que cela continue ? \u00c0 votre insu, votre pens\u00e9e tourne en rond : les probl\u00e8mes pass\u00e9s, les inqui\u00e9tudes futures. Vous restez \u00e9veill\u00e9 alors m\u00eame que vous \u00eates fatigu\u00e9\u2026 Comment rem\u00e9dier \u00e0 [&hellip;]<\/p>\n","protected":false},"author":1,"featured_media":2640,"comment_status":"open","ping_status":"open","sticky":false,"template":"","format":"standard","meta":{"_et_pb_use_builder":"on","_et_pb_old_content":"","_et_gb_content_width":"","footnotes":""},"categories":[11],"tags":[],"class_list":["post-2639","post","type-post","status-publish","format-standard","has-post-thumbnail","hentry","category-hypnose-montauban"],"_links":{"self":[{"href":"https:\/\/jean-philippe-bach.fr\/index.php\/wp-json\/wp\/v2\/posts\/2639","targetHints":{"allow":["GET"]}}],"collection":[{"href":"https:\/\/jean-philippe-bach.fr\/index.php\/wp-json\/wp\/v2\/posts"}],"about":[{"href":"https:\/\/jean-philippe-bach.fr\/index.php\/wp-json\/wp\/v2\/types\/post"}],"author":[{"embeddable":true,"href":"https:\/\/jean-philippe-bach.fr\/index.php\/wp-json\/wp\/v2\/users\/1"}],"replies":[{"embeddable":true,"href":"https:\/\/jean-philippe-bach.fr\/index.php\/wp-json\/wp\/v2\/comments?post=2639"}],"version-history":[{"count":2,"href":"https:\/\/jean-philippe-bach.fr\/index.php\/wp-json\/wp\/v2\/posts\/2639\/revisions"}],"predecessor-version":[{"id":2644,"href":"https:\/\/jean-philippe-bach.fr\/index.php\/wp-json\/wp\/v2\/posts\/2639\/revisions\/2644"}],"wp:featuredmedia":[{"embeddable":true,"href":"https:\/\/jean-philippe-bach.fr\/index.php\/wp-json\/wp\/v2\/media\/2640"}],"wp:attachment":[{"href":"https:\/\/jean-philippe-bach.fr\/index.php\/wp-json\/wp\/v2\/media?parent=2639"}],"wp:term":[{"taxonomy":"category","embeddable":true,"href":"https:\/\/jean-philippe-bach.fr\/index.php\/wp-json\/wp\/v2\/categories?post=2639"},{"taxonomy":"post_tag","embeddable":true,"href":"https:\/\/jean-philippe-bach.fr\/index.php\/wp-json\/wp\/v2\/tags?post=2639"}],"curies":[{"name":"wp","href":"https:\/\/api.w.org\/{rel}","templated":true}]}}